{"id":178,"date":"2013-02-13T16:38:48","date_gmt":"2013-02-13T18:38:48","guid":{"rendered":"http:\/\/opicareta.com.br\/?p=178"},"modified":"2013-02-13T16:38:48","modified_gmt":"2013-02-13T18:38:48","slug":"as-redes-sociais-dos-corretores","status":"publish","type":"post","link":"http:\/\/opicareta.com.br\/?p=178","title":{"rendered":"As redes sociais dos corretores"},"content":{"rendered":"<p style=\"text-align: justify;\"><a href=\"http:\/\/opicareta.com.br\/wp-content\/uploads\/2013\/02\/redes.jpg\"><img loading=\"lazy\" decoding=\"async\" class=\"aligncenter size-full wp-image-179\" alt=\"redes\" src=\"http:\/\/opicareta.com.br\/wp-content\/uploads\/2013\/02\/redes.jpg\" width=\"400\" height=\"300\" srcset=\"http:\/\/opicareta.com.br\/wp-content\/uploads\/2013\/02\/redes.jpg 400w, http:\/\/opicareta.com.br\/wp-content\/uploads\/2013\/02\/redes-300x225.jpg 300w, http:\/\/opicareta.com.br\/wp-content\/uploads\/2013\/02\/redes-210x157.jpg 210w\" sizes=\"(max-width: 400px) 100vw, 400px\" \/><\/a><\/p>\n<p style=\"text-align: justify;\">\u00c9 raro hoje em dia que qualquer profissional que esteja envolvido em vendas e divulga\u00e7\u00e3o atrav\u00e9s da internet possu\u00edrem um perfil nas redes sociais. Um perfil no Facebook, por exemplo, \u00e9 muito \u00fatil para que o corretor fique pr\u00f3ximo do cliente, j\u00e1 que uma grande parcela da popula\u00e7\u00e3o estende sua vida at\u00e9 as redes sociais, o contato r\u00e1pido e f\u00e1cil pode desimpedir o caminho para bons neg\u00f3cios. Na hora de utilizar as redes sociais como interm\u00e9dio para chegar aos clientes vale seguir algumas boas pr\u00e1ticas.<\/p>\n<p style=\"text-align: justify;\">\n<p style=\"text-align: justify;\"><strong>Equil\u00edbrio entre o perfil pessoal e o perfil profissional<\/strong><\/p>\n<p style=\"text-align: justify;\">\n<p style=\"text-align: justify;\">A\u00ed surge uma fonte abundante de pequenos erros que podem ser contornados, quando n\u00e3o se pode separar totalmente os perfis pessoal e profissional o corretor tem que apenas tomar alguns cuidados. Demonstrar que est\u00e1 interessado em vender atrav\u00e9s de conte\u00fados relevantes pode melhorar sua imagem para todos aqueles que visitam seu perfil, os an\u00fancios de im\u00f3veis s\u00e3o tolerados se feitos com modera\u00e7\u00e3o pois o corretor n\u00e3o pode ser visto como um gerador de spam (mensagens constantes que perdem a relev\u00e2ncia) na venda dos seus im\u00f3veis. As fotos dos perfis pessoais tamb\u00e9m influenciam o cliente, ainda mais se esse for &#8220;amigo&#8221; ou seguidor do corretor nas redes sociais. Enfim, na media\u00e7\u00e3o do pessoal e profissional sempre impera o bom senso.<\/p>\n<p style=\"text-align: justify;\">\n<p style=\"text-align: justify;\"><strong>A qualidade do conte\u00fado<\/strong><\/p>\n<p style=\"text-align: justify;\">\n<p style=\"text-align: justify;\">O conte\u00fado que um corretor de im\u00f3veis coloca em suas redes sociais deve condizer com seus interesses, dentro dos limites do bom senso nenhum conte\u00fado \u00e9 essencialmente ruim, n\u00e3o \u00e9 necess\u00e1rio por exemplo apenas postar not\u00edcias imobili\u00e1rias, conte\u00fados de entretenimento costumam fazer sucesso nas redes sociais. A qualidade e o tipo do conte\u00fado postado interessam muito quem visita o perfil dos corretores, se deparar com conte\u00fado impr\u00f3prio para um profissional pode prejudicar futuros neg\u00f3cios.<\/p>\n<p style=\"text-align: justify;\">\n<p style=\"text-align: justify;\"><strong>Fechar neg\u00f3cio pelas redes sociais<\/strong><\/p>\n<p style=\"text-align: justify;\">\n<p style=\"text-align: justify;\">Pode parecer estranho a princ\u00edpio mas j\u00e1 houve caso de uma venda ser realizada totalmente pelo twitter, a empresa Tecnisa vendeu um apartamento de aproximadamente quinhentos mil reais com a negocia\u00e7\u00e3o sendo realizada inteiramente pela rede social. Claro que essa realidade ainda pode estar longe para muitos corretores, mas o caso da Tecnisa mostra que utilizar as redes sociais para negociar pode fazer bastante sucesso.<\/p>\n","protected":false},"excerpt":{"rendered":"<p>\u00c9 raro hoje em dia que qualquer profissional que esteja envolvido em vendas e divulga\u00e7\u00e3o atrav\u00e9s da internet possu\u00edrem um perfil nas redes sociais. Um perfil no Facebook, por exemplo, &hellip; <a class=\"readmore\" href=\"http:\/\/opicareta.com.br\/?p=178\">Continue Reading &rarr;<\/a><\/p>\n","protected":false},"author":1,"featured_media":179,"comment_status":"open","ping_status":"open","sticky":false,"template":"","format":"standard","meta":{"footnotes":""},"categories":[4],"tags":[37,36],"class_list":["post-178","post","type-post","status-publish","format-standard","has-post-thumbnail","hentry","category-geral","tag-corretores","tag-redes-sociais"],"_links":{"self":[{"href":"http:\/\/opicareta.com.br\/index.php?rest_route=\/wp\/v2\/posts\/178"}],"collection":[{"href":"http:\/\/opicareta.com.br\/index.php?rest_route=\/wp\/v2\/posts"}],"about":[{"href":"http:\/\/opicareta.com.br\/index.php?rest_route=\/wp\/v2\/types\/post"}],"author":[{"embeddable":true,"href":"http:\/\/opicareta.com.br\/index.php?rest_route=\/wp\/v2\/users\/1"}],"replies":[{"embeddable":true,"href":"http:\/\/opicareta.com.br\/index.php?rest_route=%2Fwp%2Fv2%2Fcomments&post=178"}],"version-history":[{"count":3,"href":"http:\/\/opicareta.com.br\/index.php?rest_route=\/wp\/v2\/posts\/178\/revisions"}],"predecessor-version":[{"id":182,"href":"http:\/\/opicareta.com.br\/index.php?rest_route=\/wp\/v2\/posts\/178\/revisions\/182"}],"wp:featuredmedia":[{"embeddable":true,"href":"http:\/\/opicareta.com.br\/index.php?rest_route=\/wp\/v2\/media\/179"}],"wp:attachment":[{"href":"http:\/\/opicareta.com.br\/index.php?rest_route=%2Fwp%2Fv2%2Fmedia&parent=178"}],"wp:term":[{"taxonomy":"category","embeddable":true,"href":"http:\/\/opicareta.com.br\/index.php?rest_route=%2Fwp%2Fv2%2Fcategories&post=178"},{"taxonomy":"post_tag","embeddable":true,"href":"http:\/\/opicareta.com.br\/index.php?rest_route=%2Fwp%2Fv2%2Ftags&post=178"}],"curies":[{"name":"wp","href":"https:\/\/api.w.org\/{rel}","templated":true}]}}